{"id":445,"date":"2017-11-27T12:00:39","date_gmt":"2017-11-27T14:00:39","guid":{"rendered":"http:\/\/skinage.medicina.ufmg.br\/?p=445"},"modified":"2017-12-01T10:23:44","modified_gmt":"2017-12-01T12:23:44","slug":"jornal-da-band-aparelho","status":"publish","type":"post","link":"https:\/\/skinage.medicina.ufmg.br\/index.php\/pt\/2017\/11\/27\/jornal-da-band-aparelho\/","title":{"rendered":"Jornal da Band: Aparelho mais preciso calcula tempo de gesta\u00e7\u00e3o"},"content":{"rendered":"<p>Como h\u00e1 uma margem de erro de at\u00e9 tr\u00eas semanas nos exames de ultrassom, essa t\u00e9cnica ajuda a refor\u00e7ar os cuidados com beb\u00eas prematuros.<\/p>\n<p>Assista ao <a href=\"http:\/\/noticias.band.uol.com.br\/jornaldaband\/videos\/ultimos-videos\/16358546\/aparelho-mais-preciso-calcula-tempo-de-gestacao.html\">v\u00eddeo<\/a>.<\/p>\n<p><a href=\"http:\/\/noticias.band.uol.com.br\/jornaldaband\/videos\/ultimos-videos\/16358546\/aparelho-mais-preciso-calcula-tempo-de-gestacao.html\" target=\"_blank\" rel=\"noopener\"><img loading=\"lazy\" decoding=\"async\" class=\"aligncenter wp-image-446 size-large\" src=\"http:\/\/skinage.medicina.ufmg.br\/wp-content\/uploads\/2017\/12\/JornaldaBand-1024x573.jpg\" alt=\"\" width=\"640\" height=\"358\" \/><\/a><\/p>\n<p><!--more-->Jornal da Band<br \/>\n<span class=\"ng-binding ng-scope\" data-ng-if=\"main.videoSelecionado.mediaId\">27\/11\/2017<br \/>\nDispon\u00edvel em:\u00a0http:\/\/noticias.band.uol.com.br\/jornaldaband\/videos\/ultimos-videos\/16358546\/aparelho-mais-preciso-calcula-tempo-de-gestacao.html<br \/>\n<\/span><\/p>\n","protected":false},"excerpt":{"rendered":"<p>Como h\u00e1 uma margem de erro de at\u00e9 tr\u00eas semanas nos exames de ultrassom, essa t\u00e9cnica ajuda a refor\u00e7ar os cuidados com beb\u00eas prematuros. Assista ao v\u00eddeo.<\/p>\n","protected":false},"author":4,"featured_media":446,"comment_status":"open","ping_status":"open","sticky":false,"template":"","format":"video","meta":{"_monsterinsights_skip_tracking":false,"_monsterinsights_sitenote_active":false,"_monsterinsights_sitenote_note":"","_monsterinsights_sitenote_category":0,"jetpack_post_was_ever_published":false,"_jetpack_newsletter_access":"","_jetpack_dont_email_post_to_subs":true,"_jetpack_newsletter_tier_id":0,"_jetpack_memberships_contains_paywalled_content":false,"_jetpack_memberships_contains_paid_content":false,"footnotes":""},"categories":[1],"tags":[],"class_list":["post-445","post","type-post","status-publish","format-video","has-post-thumbnail","hentry","category-sem-categoria","post_format-post-format-video"],"jetpack_featured_media_url":"https:\/\/skinage.medicina.ufmg.br\/wp-content\/uploads\/2017\/12\/JornaldaBand-e1512128790371.jpg","jetpack_sharing_enabled":true,"jetpack_shortlink":"https:\/\/wp.me\/p8xxvS-7b","_links":{"self":[{"href":"https:\/\/skinage.medicina.ufmg.br\/index.php\/wp-json\/wp\/v2\/posts\/445","targetHints":{"allow":["GET"]}}],"collection":[{"href":"https:\/\/skinage.medicina.ufmg.br\/index.php\/wp-json\/wp\/v2\/posts"}],"about":[{"href":"https:\/\/skinage.medicina.ufmg.br\/index.php\/wp-json\/wp\/v2\/types\/post"}],"author":[{"embeddable":true,"href":"https:\/\/skinage.medicina.ufmg.br\/index.php\/wp-json\/wp\/v2\/users\/4"}],"replies":[{"embeddable":true,"href":"https:\/\/skinage.medicina.ufmg.br\/index.php\/wp-json\/wp\/v2\/comments?post=445"}],"version-history":[{"count":7,"href":"https:\/\/skinage.medicina.ufmg.br\/index.php\/wp-json\/wp\/v2\/posts\/445\/revisions"}],"predecessor-version":[{"id":468,"href":"https:\/\/skinage.medicina.ufmg.br\/index.php\/wp-json\/wp\/v2\/posts\/445\/revisions\/468"}],"wp:featuredmedia":[{"embeddable":true,"href":"https:\/\/skinage.medicina.ufmg.br\/index.php\/wp-json\/wp\/v2\/media\/446"}],"wp:attachment":[{"href":"https:\/\/skinage.medicina.ufmg.br\/index.php\/wp-json\/wp\/v2\/media?parent=445"}],"wp:term":[{"taxonomy":"category","embeddable":true,"href":"https:\/\/skinage.medicina.ufmg.br\/index.php\/wp-json\/wp\/v2\/categories?post=445"},{"taxonomy":"post_tag","embeddable":true,"href":"https:\/\/skinage.medicina.ufmg.br\/index.php\/wp-json\/wp\/v2\/tags?post=445"}],"curies":[{"name":"wp","href":"https:\/\/api.w.org\/{rel}","templated":true}]}}