{"id":434,"date":"2017-11-29T18:24:15","date_gmt":"2017-11-29T20:24:15","guid":{"rendered":"http:\/\/skinage.medicina.ufmg.br\/?p=434"},"modified":"2018-05-11T18:50:59","modified_gmt":"2018-05-11T21:50:59","slug":"globo-mgtv","status":"publish","type":"post","link":"https:\/\/skinage.medicina.ufmg.br\/index.php\/pt\/2017\/11\/29\/globo-mgtv\/","title":{"rendered":"Globo &#8211; MGTV: Pesquisadores da UFMG desenvolvem aparelho que confirma tempo de gesta\u00e7\u00e3o para tratar prematuros"},"content":{"rendered":"<div class=\"row content-head\">\n<h3 class=\"column medium-centered medium-19 large-18\">Um sensor em contato com a pele do beb\u00ea permite descobrir quantas semanas o rec\u00e9m-nascido ficou na barriga da m\u00e3e<\/h3>\n<\/div>\n<p>Assista ao <a href=\"https:\/\/g1.globo.com\/mg\/minas-gerais\/noticia\/pesquisadores-da-ufmg-desenvolvem-aparelho-que-confirma-tempo-de-gestacao-para-tratar-prematuros.ghtml\">v\u00eddeo da mat\u00e9ria<\/a><!--more--><\/p>\n<div id=\"attachment_438\" style=\"width: 650px\" class=\"wp-caption aligncenter\"><a href=\"https:\/\/g1.globo.com\/mg\/minas-gerais\/noticia\/pesquisadores-da-ufmg-desenvolvem-aparelho-que-confirma-tempo-de-gestacao-para-tratar-prematuros.ghtml\"><img loading=\"lazy\" decoding=\"async\" aria-describedby=\"caption-attachment-438\" class=\"wp-image-438 size-large\" src=\"http:\/\/skinage.medicina.ufmg.br\/wp-content\/uploads\/2017\/11\/6322338_x720-1024x576.jpg\" alt=\"\" width=\"640\" height=\"360\" srcset=\"https:\/\/skinage.medicina.ufmg.br\/wp-content\/uploads\/2017\/11\/6322338_x720-1024x576.jpg 1024w, https:\/\/skinage.medicina.ufmg.br\/wp-content\/uploads\/2017\/11\/6322338_x720-300x169.jpg 300w, https:\/\/skinage.medicina.ufmg.br\/wp-content\/uploads\/2017\/11\/6322338_x720-768x432.jpg 768w, https:\/\/skinage.medicina.ufmg.br\/wp-content\/uploads\/2017\/11\/6322338_x720.jpg 1280w\" sizes=\"auto, (max-width: 640px) 100vw, 640px\" \/><\/a><p id=\"caption-attachment-438\" class=\"wp-caption-text\">Pesquisadores da UFMG desenvolvem aparelho que mede a idade real dos rec\u00e9m-nascidos<\/p><\/div>\n<p>&nbsp;<\/p>\n<div class=\"row content-head\">\n<div>Mais da metade das gr\u00e1vidas brasileiras n\u00e3o tem certeza sobre a data do in\u00edcio da gesta\u00e7\u00e3o. Para acabar com essa d\u00favida, pesquisadores da Universidade Federal de Minas Gerais (UFMG) desenvolveram um aparelho para confirmar a idade gestacional de rec\u00e9m-nascidos. Uma informa\u00e7\u00e3o fundamental no tratamento de beb\u00eas prematuros.<\/div>\n<\/div>\n<div class=\"row content-share-bar\">\n<p>A dona de casa Ana Cristina achava que estava gr\u00e1vida de 36 semanas, do Bryan. Mas para o m\u00e9dico dela a contagem estava diferente, com tr\u00eas semanas a menos.<\/p>\n<blockquote><p>\u201cEsse daqui eu tinha feito o ultrassom dele, mas o m\u00e9dico achou que ele tava mais novo ainda. Eu j\u00e1 tava no come\u00e7o da pr\u00e9-ecl\u00e2mpsia e ele n\u00e3o tinha desenvolvido ainda e ele achou que estava com menos semana\u201d, conta Ana Cristina Moreira.<\/p><\/blockquote>\n<p>Para tirar esse tipo de d\u00favida, os pesquisadores da faculdade de medicina da UFMG e do Hospital das Cl\u00ednicas criaram esse aparelhinho que tem um sensor de led na ponta. Em contato com a pele do beb\u00ea \u00e9 poss\u00edvel descobrir direitinho o tempo em que o rec\u00e9m-nascido ficou na barriga da m\u00e3e.<\/p>\n<blockquote><p>\u201cUm pequeno sensor encosta na pele do rec\u00e9m-nascido e emite luz em comprimentos de ondas diferentes. Essa luz interage com a pele e a pele reflete a luz na medida da sua maturidade, da sua espessura, e refletindo a concentra\u00e7\u00e3o de prote\u00ednas que existe naquela pele. O que n\u00f3s fazemos \u00e9 analisar o sinal que retorna em um algoritmo matem\u00e1tico e estimar a idade gestacional\u201d, afirmou a coordenadora da pesquisa, Zilma Reis.<\/p><\/blockquote>\n<p>A d\u00favida da m\u00e3e do Bryan tamb\u00e9m passa pela cabe\u00e7a de muitas mulheres. Um estudo feito pela Fiocruz aponta que em 55% dos nascimentos no Brasil n\u00e3o se sabe ao certo o tempo de gesta\u00e7\u00e3o.<\/p>\n<p>Algumas mulheres t\u00eam dificuldade para saber o tempo exato de gravidez por causa do ciclo menstrual irregular ou por terem demorado a come\u00e7ar o pr\u00e9-natal. Informa\u00e7\u00f5es que s\u00e3o decisivas no tratamento de beb\u00eas prematuros.<\/p>\n<blockquote><p>\u201cA nutri\u00e7\u00e3o, se voc\u00ea faz diferente, de uma maneira distorcida para uma crian\u00e7a de 24 semanas ou 28 semanas j\u00e1 vai definir o progn\u00f3stico imediato dela. A mesma coisa em rela\u00e7\u00e3o a assist\u00eancia respirat\u00f3ria. Elas s\u00e3o diferentes dependendo da idade gestacional\u201d, disse a neonatologista Maria Albertina Santiago.<\/p><\/blockquote>\n<p>O aparelho ainda est\u00e1 em teste, por isso o resultado do Bryan ainda n\u00e3o pode ser divulgado. As pesquisas continuam.<\/p>\n<blockquote><p>\u201cA gente j\u00e1 est\u00e1 estudando um formado em caneta, no qual toda a tecnologia vai estar embarcada no bast\u00e3o. Isso significa que a ponta do bast\u00e3o toca a pele e todo o processamento \u00e9 feito no interior. E um visor j\u00e1 ir\u00e1 informar a idade gestacional\u201d, disse a coordenadora da pesquisa.<\/p><\/blockquote>\n<p class=\"content-publication-data__from\">Por MGTV, Belo Horizonte<br \/>\n<time datetime=\"2017-11-29T16:57:44.188Z\">29\/11\/2017 14h57\u00a0<\/time><span class=\"content-publication-data__updated-relative\">\u00a0<time datetime=\"2017-11-29T16:57:44.462Z\">Atualizado h\u00e1 3 horas<br \/>\n<\/time><\/span>Dispon\u00edvel em:\u00a0https:\/\/g1.globo.com\/mg\/minas-gerais\/noticia\/pesquisadores-da-ufmg-desenvolvem-aparelho-que-confirma-tempo-de-gestacao-para-tratar-prematuros.ghtml<\/p>\n<div class=\"mc-article-body\">\n<div class=\"mc-column entities\">\n<p>&nbsp;<\/p>\n<\/div>\n<\/div>\n<\/div>\n","protected":false},"excerpt":{"rendered":"<p>Um sensor em contato com a pele do beb\u00ea permite descobrir quantas semanas o rec\u00e9m-nascido ficou na barriga da m\u00e3e Assista ao v\u00eddeo da mat\u00e9ria<\/p>\n","protected":false},"author":4,"featured_media":438,"comment_status":"open","ping_status":"open","sticky":false,"template":"","format":"standard","meta":{"_monsterinsights_skip_tracking":false,"_monsterinsights_sitenote_active":false,"_monsterinsights_sitenote_note":"","_monsterinsights_sitenote_category":0,"jetpack_post_was_ever_published":false,"_jetpack_newsletter_access":"","_jetpack_dont_email_post_to_subs":true,"_jetpack_newsletter_tier_id":0,"_jetpack_memberships_contains_paywalled_content":false,"_jetpack_memberships_contains_paid_content":false,"footnotes":""},"categories":[1],"tags":[],"class_list":["post-434","post","type-post","status-publish","format-standard","has-post-thumbnail","hentry","category-sem-categoria"],"jetpack_featured_media_url":"https:\/\/skinage.medicina.ufmg.br\/wp-content\/uploads\/2017\/11\/6322338_x720.jpg","jetpack_sharing_enabled":true,"jetpack_shortlink":"https:\/\/wp.me\/p8xxvS-70","_links":{"self":[{"href":"https:\/\/skinage.medicina.ufmg.br\/index.php\/wp-json\/wp\/v2\/posts\/434","targetHints":{"allow":["GET"]}}],"collection":[{"href":"https:\/\/skinage.medicina.ufmg.br\/index.php\/wp-json\/wp\/v2\/posts"}],"about":[{"href":"https:\/\/skinage.medicina.ufmg.br\/index.php\/wp-json\/wp\/v2\/types\/post"}],"author":[{"embeddable":true,"href":"https:\/\/skinage.medicina.ufmg.br\/index.php\/wp-json\/wp\/v2\/users\/4"}],"replies":[{"embeddable":true,"href":"https:\/\/skinage.medicina.ufmg.br\/index.php\/wp-json\/wp\/v2\/comments?post=434"}],"version-history":[{"count":13,"href":"https:\/\/skinage.medicina.ufmg.br\/index.php\/wp-json\/wp\/v2\/posts\/434\/revisions"}],"predecessor-version":[{"id":558,"href":"https:\/\/skinage.medicina.ufmg.br\/index.php\/wp-json\/wp\/v2\/posts\/434\/revisions\/558"}],"wp:featuredmedia":[{"embeddable":true,"href":"https:\/\/skinage.medicina.ufmg.br\/index.php\/wp-json\/wp\/v2\/media\/438"}],"wp:attachment":[{"href":"https:\/\/skinage.medicina.ufmg.br\/index.php\/wp-json\/wp\/v2\/media?parent=434"}],"wp:term":[{"taxonomy":"category","embeddable":true,"href":"https:\/\/skinage.medicina.ufmg.br\/index.php\/wp-json\/wp\/v2\/categories?post=434"},{"taxonomy":"post_tag","embeddable":true,"href":"https:\/\/skinage.medicina.ufmg.br\/index.php\/wp-json\/wp\/v2\/tags?post=434"}],"curies":[{"name":"wp","href":"https:\/\/api.w.org\/{rel}","templated":true}]}}